{"id":1516,"date":"2017-03-26T12:10:37","date_gmt":"2017-03-26T11:10:37","guid":{"rendered":"http:\/\/projektcydr.pl\/?p=1516"},"modified":"2017-03-26T12:24:49","modified_gmt":"2017-03-26T11:24:49","slug":"forum-o-cydrze","status":"publish","type":"post","link":"https:\/\/projektcydr.pl\/blog\/?p=1516","title":{"rendered":"Forum o cydrze"},"content":{"rendered":"<p>Nie wiem czy szukali\u015bcie, czy mieli\u015bcie tak\u0105 potrzeb\u0119, ale nie ma \u017cadnego miejsca w naszej polskiej Sieci, gdzie mo\u017cna by podyskutowa\u0107 o robieniu cydru. Piwowarzy maj\u0105 swoje pr\u0119\u017cnie dzia\u0142aj\u0105ce fora, a i winiarze nie maj\u0105 powod\u00f3w do narzeka\u0144. Tylko ten cydr traktowany jest tak po macoszemu.<\/p>\n<p><!--more--><\/p>\n<p>Nie wierz\u0119, \u017ce cydr nie cieszy si\u0119 u nas zainteresowaniem. Wr\u0119cz przeciwnie, my\u015bl\u0119 \u017ce bardzo wiele ludzi bawi si\u0119 w robienie cydru. Ale wci\u0105\u017c pokutuje podej\u015bcie, \u017ce skoro wystarczy sok, troch\u0119 dro\u017cd\u017cy &#8211; to o czym tutaj gada\u0107?<\/p>\n<p>Jak by\u0107 mo\u017ce przekonali\u015bcie si\u0119 czytaj\u0105c moje wpisy, spektrum zagadnie\u0144 zwi\u0105zanych z cydrem jest szerokie, a do tego nie ma wiele polskoj\u0119zycznych materia\u0142\u00f3w, z kt\u00f3rych mo\u017cna by czerpa\u0107 sprawdzone informacje.<\/p>\n<p>Pr\u00f3buj\u0119 systematycznie zape\u0142ni\u0107 t\u0119 luk\u0119, dziel\u0105c si\u0119 tutaj zdobyt\u0105 wiedz\u0105 i przemy\u015bleniami. Mam nadziej\u0119, \u017ce si\u0119 przydaje, \u017ce udaje mi si\u0119 od czasu do czasu co\u015b wyja\u015bni\u0107, czy obali\u0107 jaki\u015b uparcie powtarzany mit.<\/p>\n<p>Chodzi\u0142o to za mn\u0105 od pewnego czasu i w ko\u0144cu si\u0119 zdecydowa\u0142em: za\u0142o\u017cy\u0142em <a href=\"http:\/\/projektcydr.pl\/blog\/forum\">forum dyskusyjne<\/a>. Chcia\u0142bym, \u017ceby wszystkie rozrzucone obecnie po Internecie dyskusje o cydrze przenios\u0142y si\u0119 w\u0142a\u015bnie tu. \u017beby wszyscy, niezale\u017cnie czy dopiero planuj\u0105 zrobi\u0107 sw\u00f3j pierwszy cydr, czy zajmuj\u0105 si\u0119 robieniem cydru na co dzie\u0144, czy te\u017c zwyczajnie chcieliby co\u015b wi\u0119cej na ten temat poczyta\u0107, znale\u017ali tutaj przyjazne dla siebie miejsce.<\/p>\n<p>Zgromadzenie informacji w jednym miejscu jest zyskiem samym w sobie. Ja przy okazji mam nadziej\u0119 \u017ce tematy poruszane na forum zainspiruj\u0105 mnie do tego o czym w dalszej kolejno\u015bci m\u00f3g\u0142bym pisa\u0107 na blogu. Bo oczywi\u015bcie planuj\u0119 go kontynuowa\u0107.<\/p>\n<p>Nie zajmowa\u0142em si\u0119 tym wcze\u015bniej, wi\u0119c nie zdaj\u0119 sobie do ko\u0144ca sprawy z tego w co si\u0119 pakuj\u0119. Licz\u0119 na to, \u017ce opr\u00f3cz odpowiadania na ewentualne posty nie b\u0119d\u0119 musia\u0142 sp\u0119dza\u0107 wiele czasu na og\u00f3lnopoj\u0119tym &#8222;moderowaniu&#8221;. Oddaj\u0119 to forum Wam i mam nadziej\u0119 \u017ce od tej pory b\u0119dziemy razem dba\u0107 o nie i je wsp\u00f3\u0142tworzy\u0107.<\/p>\n<p>Na razie z oczywistych wzgl\u0119d\u00f3w na forum wieje pustk\u0105. Ale nie zniech\u0119cajcie si\u0119 brakiem wpis\u00f3w w dzia\u0142ach, czy d\u0142u\u017cszym czasem jaki z pocz\u0105tku trzeba b\u0119dzie poczeka\u0107 na czyj\u0105\u015b reakcj\u0119. Od czego\u015b trzeba zacz\u0105\u0107 \ud83d\ude42<\/p>\n<p>Serdecznie zapraszam!<\/p>\n","protected":false},"excerpt":{"rendered":"<p>Nie wiem czy szukali\u015bcie, czy mieli\u015bcie tak\u0105 potrzeb\u0119, ale nie ma \u017cadnego miejsca w naszej polskiej Sieci, gdzie mo\u017cna by podyskutowa\u0107 o robieniu cydru. Piwowarzy maj\u0105 swoje pr\u0119\u017cnie dzia\u0142aj\u0105ce fora, a i winiarze nie maj\u0105 powod\u00f3w do narzeka\u0144. Tylko ten &hellip; <a href=\"https:\/\/projektcydr.pl\/blog\/?p=1516\">Czytaj dalej <span class=\"meta-nav\">&rarr;<\/span><\/a><\/p>\n","protected":false},"author":4,"featured_media":0,"comment_status":"open","ping_status":"open","sticky":false,"template":"","format":"standard","meta":{"footnotes":""},"categories":[1],"tags":[],"class_list":["post-1516","post","type-post","status-publish","format-standard","hentry","category-uncategorized"],"_links":{"self":[{"href":"https:\/\/projektcydr.pl\/blog\/wp-json\/wp\/v2\/posts\/1516","targetHints":{"allow":["GET"]}}],"collection":[{"href":"https:\/\/projektcydr.pl\/blog\/wp-json\/wp\/v2\/posts"}],"about":[{"href":"https:\/\/projektcydr.pl\/blog\/wp-json\/wp\/v2\/types\/post"}],"author":[{"embeddable":true,"href":"https:\/\/projektcydr.pl\/blog\/wp-json\/wp\/v2\/users\/4"}],"replies":[{"embeddable":true,"href":"https:\/\/projektcydr.pl\/blog\/wp-json\/wp\/v2\/comments?post=1516"}],"version-history":[{"count":19,"href":"https:\/\/projektcydr.pl\/blog\/wp-json\/wp\/v2\/posts\/1516\/revisions"}],"predecessor-version":[{"id":1536,"href":"https:\/\/projektcydr.pl\/blog\/wp-json\/wp\/v2\/posts\/1516\/revisions\/1536"}],"wp:attachment":[{"href":"https:\/\/projektcydr.pl\/blog\/wp-json\/wp\/v2\/media?parent=1516"}],"wp:term":[{"taxonomy":"category","embeddable":true,"href":"https:\/\/projektcydr.pl\/blog\/wp-json\/wp\/v2\/categories?post=1516"},{"taxonomy":"post_tag","embeddable":true,"href":"https:\/\/projektcydr.pl\/blog\/wp-json\/wp\/v2\/tags?post=1516"}],"curies":[{"name":"wp","href":"https:\/\/api.w.org\/{rel}","templated":true}]}}