{"id":3056,"date":"2019-05-03T16:05:53","date_gmt":"2019-05-03T15:05:53","guid":{"rendered":"http:\/\/projektcydr.pl\/?p=3056"},"modified":"2019-05-03T16:05:53","modified_gmt":"2019-05-03T15:05:53","slug":"raport-ogrodowy","status":"publish","type":"post","link":"https:\/\/projektcydr.pl\/blog\/?p=3056","title":{"rendered":"Raport ogrodowy"},"content":{"rendered":"<p>Pe\u0142en sukces! Wszystkie cydrowe drzewka, kt\u00f3re zasadzi\u0142em tu\u017c przez Bo\u017cym Narodzeniem (<a href=\"https:\/\/projektcydr.pl\/blog\/?p=2773\">link<\/a>) puszczaj\u0105 listki! Niekt\u00f3rym w Polsce spodoba\u0142o si\u0119 tak bardzo, \u017ce nawet zakwit\u0142y \ud83d\ude09 Tym samym, moja kolekcja cydrowych drzewek liczy obecnie a\u017c 9 odmian!<\/p>\n<p><!--more--><\/p>\n<p>Sesja fotograficzna Wiosna 2019:<\/p>\n<p><a href=\"http:\/\/projektcydr.pl\/blog\/wp-content\/uploads\/2019\/05\/foxwhelp.jpg\"><img loading=\"lazy\" decoding=\"async\" class=\"alignnone wp-image-3058 size-medium\" src=\"http:\/\/projektcydr.pl\/blog\/wp-content\/uploads\/2019\/05\/foxwhelp-e1556778916552-200x300.jpg\" alt=\"\" width=\"200\" height=\"300\" srcset=\"https:\/\/projektcydr.pl\/blog\/wp-content\/uploads\/2019\/05\/foxwhelp-e1556778916552-200x300.jpg 200w, https:\/\/projektcydr.pl\/blog\/wp-content\/uploads\/2019\/05\/foxwhelp-e1556778916552-768x1152.jpg 768w, https:\/\/projektcydr.pl\/blog\/wp-content\/uploads\/2019\/05\/foxwhelp-e1556778916552-683x1024.jpg 683w\" sizes=\"auto, (max-width: 200px) 100vw, 200px\" \/><\/a> <a href=\"http:\/\/projektcydr.pl\/blog\/wp-content\/uploads\/2019\/05\/yarlington.jpg\"><img loading=\"lazy\" decoding=\"async\" class=\"alignnone wp-image-3059 size-medium\" src=\"http:\/\/projektcydr.pl\/blog\/wp-content\/uploads\/2019\/05\/yarlington-e1556778946610-200x300.jpg\" alt=\"\" width=\"200\" height=\"300\" srcset=\"https:\/\/projektcydr.pl\/blog\/wp-content\/uploads\/2019\/05\/yarlington-e1556778946610-200x300.jpg 200w, https:\/\/projektcydr.pl\/blog\/wp-content\/uploads\/2019\/05\/yarlington-e1556778946610-768x1152.jpg 768w, https:\/\/projektcydr.pl\/blog\/wp-content\/uploads\/2019\/05\/yarlington-e1556778946610-683x1024.jpg 683w\" sizes=\"auto, (max-width: 200px) 100vw, 200px\" \/><\/a><\/p>\n<p>powy\u017cej: Foxwhelp i Yarlington Mill<\/p>\n<p><a href=\"http:\/\/projektcydr.pl\/blog\/wp-content\/uploads\/2019\/05\/tremlett.jpg\"><img loading=\"lazy\" decoding=\"async\" class=\"alignnone wp-image-3060 size-medium\" src=\"http:\/\/projektcydr.pl\/blog\/wp-content\/uploads\/2019\/05\/tremlett-e1556778963193-200x300.jpg\" alt=\"\" width=\"200\" height=\"300\" srcset=\"https:\/\/projektcydr.pl\/blog\/wp-content\/uploads\/2019\/05\/tremlett-e1556778963193-200x300.jpg 200w, https:\/\/projektcydr.pl\/blog\/wp-content\/uploads\/2019\/05\/tremlett-e1556778963193-768x1152.jpg 768w, https:\/\/projektcydr.pl\/blog\/wp-content\/uploads\/2019\/05\/tremlett-e1556778963193-683x1024.jpg 683w\" sizes=\"auto, (max-width: 200px) 100vw, 200px\" \/><\/a><a href=\"http:\/\/projektcydr.pl\/blog\/wp-content\/uploads\/2019\/05\/medaille-e1556778891468.jpg\"><img loading=\"lazy\" decoding=\"async\" class=\"alignnone wp-image-3057 size-medium\" src=\"http:\/\/projektcydr.pl\/blog\/wp-content\/uploads\/2019\/05\/medaille-e1556778891468-200x300.jpg\" alt=\"\" width=\"200\" height=\"300\" srcset=\"https:\/\/projektcydr.pl\/blog\/wp-content\/uploads\/2019\/05\/medaille-e1556778891468-200x300.jpg 200w, https:\/\/projektcydr.pl\/blog\/wp-content\/uploads\/2019\/05\/medaille-e1556778891468-768x1152.jpg 768w, https:\/\/projektcydr.pl\/blog\/wp-content\/uploads\/2019\/05\/medaille-e1556778891468-683x1024.jpg 683w\" sizes=\"auto, (max-width: 200px) 100vw, 200px\" \/><\/a><\/p>\n<p>powy\u017cej: Tremletts Bitter i Medaille d&#8217;Or<\/p>\n<p><a href=\"http:\/\/projektcydr.pl\/blog\/wp-content\/uploads\/2019\/05\/michelin.jpg\"><img loading=\"lazy\" decoding=\"async\" class=\"alignnone wp-image-3062 size-medium\" src=\"http:\/\/projektcydr.pl\/blog\/wp-content\/uploads\/2019\/05\/michelin-e1556779015512-200x300.jpg\" alt=\"\" width=\"200\" height=\"300\" srcset=\"https:\/\/projektcydr.pl\/blog\/wp-content\/uploads\/2019\/05\/michelin-e1556779015512-200x300.jpg 200w, https:\/\/projektcydr.pl\/blog\/wp-content\/uploads\/2019\/05\/michelin-e1556779015512-768x1152.jpg 768w, https:\/\/projektcydr.pl\/blog\/wp-content\/uploads\/2019\/05\/michelin-e1556779015512-683x1024.jpg 683w\" sizes=\"auto, (max-width: 200px) 100vw, 200px\" \/><\/a><a href=\"http:\/\/projektcydr.pl\/blog\/wp-content\/uploads\/2019\/05\/hmj.jpg\"><img loading=\"lazy\" decoding=\"async\" class=\"alignnone wp-image-3061 size-medium\" src=\"http:\/\/projektcydr.pl\/blog\/wp-content\/uploads\/2019\/05\/hmj-e1556778994641-200x300.jpg\" alt=\"\" width=\"200\" height=\"300\" srcset=\"https:\/\/projektcydr.pl\/blog\/wp-content\/uploads\/2019\/05\/hmj-e1556778994641-200x300.jpg 200w, https:\/\/projektcydr.pl\/blog\/wp-content\/uploads\/2019\/05\/hmj-e1556778994641-768x1152.jpg 768w, https:\/\/projektcydr.pl\/blog\/wp-content\/uploads\/2019\/05\/hmj-e1556778994641-683x1024.jpg 683w\" sizes=\"auto, (max-width: 200px) 100vw, 200px\" \/><\/a><\/p>\n<p>powy\u017cej: Michelin i Harry Master Jersey<\/p>\n<p>W\u0142a\u015bnie te dwa ostatnie niespodziewanie zakwit\u0142y &#8211; ale niezale\u017cnie od tego jak bardzo jestem ciekawy ich owoc\u00f3w, nawet je\u015bli zawi\u0105\u017c\u0105 jab\u0142uszka to b\u0119d\u0119 musia\u0142 je oberwa\u0107&#8230; takie ma\u0142e drzewka musz\u0105 przeznaczy\u0107 ca\u0142\u0105 swoj\u0105 si\u0142\u0119 na wzrost.<\/p>\n<p>Starsze drzewka r\u00f3wnie\u017c maj\u0105 si\u0119 \u015bwietnie. Wszystkie kwitn\u0105, pytanie tylko ile z nich faktycznie zawi\u0105\u017ce owoce &#8211; nie ustaj\u0119 w delikatnych podchodach, \u017ceby\u015bmy postawili w ogr\u00f3dku ul, ale wci\u0105\u017c ta koncepcja spotyka si\u0119 pewnym oporem \ud83d\ude09<\/p>\n<p><a href=\"http:\/\/projektcydr.pl\/blog\/wp-content\/uploads\/2019\/05\/dabinett.jpg\"><img loading=\"lazy\" decoding=\"async\" class=\"alignnone wp-image-3063 size-medium\" src=\"http:\/\/projektcydr.pl\/blog\/wp-content\/uploads\/2019\/05\/dabinett-e1556779033240-200x300.jpg\" alt=\"\" width=\"200\" height=\"300\" srcset=\"https:\/\/projektcydr.pl\/blog\/wp-content\/uploads\/2019\/05\/dabinett-e1556779033240-200x300.jpg 200w, https:\/\/projektcydr.pl\/blog\/wp-content\/uploads\/2019\/05\/dabinett-e1556779033240-768x1152.jpg 768w, https:\/\/projektcydr.pl\/blog\/wp-content\/uploads\/2019\/05\/dabinett-e1556779033240-683x1024.jpg 683w\" sizes=\"auto, (max-width: 200px) 100vw, 200px\" \/><\/a><a href=\"http:\/\/projektcydr.pl\/blog\/wp-content\/uploads\/2019\/05\/somerset.jpg\"><img loading=\"lazy\" decoding=\"async\" class=\"alignnone wp-image-3064 size-medium\" src=\"http:\/\/projektcydr.pl\/blog\/wp-content\/uploads\/2019\/05\/somerset-e1556779085782-200x300.jpg\" alt=\"\" width=\"200\" height=\"300\" srcset=\"https:\/\/projektcydr.pl\/blog\/wp-content\/uploads\/2019\/05\/somerset-e1556779085782-200x300.jpg 200w, https:\/\/projektcydr.pl\/blog\/wp-content\/uploads\/2019\/05\/somerset-e1556779085782-768x1152.jpg 768w, https:\/\/projektcydr.pl\/blog\/wp-content\/uploads\/2019\/05\/somerset-e1556779085782-683x1024.jpg 683w\" sizes=\"auto, (max-width: 200px) 100vw, 200px\" \/><\/a><\/p>\n<p>powy\u017cej: Dabinett i Somerset Redstreak<\/p>\n<p>To bia\u0142e wiadro na zdj\u0119ciu to prototypowa pu\u0142apka na karczownika &#8211; sporo ich niestety jest w okolicy i maj\u0105 ma\u0142o fajny zwyczaj podgryzania korzeni. Zamys\u0142 jest taki, \u017ce karczownik zwabiony zapachem mas\u0142a orzechowego, kt\u00f3rym wysmarowana jest zamocowana nad otworem puszka, wchodzi sobie po deseczce, pr\u00f3buje wspi\u0105\u0107 si\u0119 na puszk\u0119, kt\u00f3ra to niespodziewanie si\u0119 obraca &#8211; i szkodnik wpada do \u015brodka. Musz\u0119 chyba umie\u015bci\u0107 obok wiadra jak\u0105\u015b instrukcj\u0119, bo na razie karczowniki najwyra\u017aniej nie wiedz\u0105 jak si\u0119 tym obs\u0142u\u017cy\u0107 \ud83d\ude09<\/p>\n<p>I na koniec najstarsze i najwi\u0119ksze z moich drzewek &#8211; Kingston Black:<a href=\"http:\/\/projektcydr.pl\/blog\/wp-content\/uploads\/2019\/05\/kingston-g.jpg\"><img loading=\"lazy\" decoding=\"async\" class=\"alignnone wp-image-3066 size-large\" src=\"http:\/\/projektcydr.pl\/blog\/wp-content\/uploads\/2019\/05\/kingston-g-e1556779129465-683x1024.jpg\" alt=\"\" width=\"584\" height=\"876\" srcset=\"https:\/\/projektcydr.pl\/blog\/wp-content\/uploads\/2019\/05\/kingston-g-e1556779129465-683x1024.jpg 683w, https:\/\/projektcydr.pl\/blog\/wp-content\/uploads\/2019\/05\/kingston-g-e1556779129465-200x300.jpg 200w, https:\/\/projektcydr.pl\/blog\/wp-content\/uploads\/2019\/05\/kingston-g-e1556779129465-768x1152.jpg 768w\" sizes=\"auto, (max-width: 584px) 100vw, 584px\" \/><\/a><\/p>\n<p>powy\u017cej: Kingston Black<\/p>\n<p>Optymistyczne jest to, \u017ce jeszcze trzy lata temu to drzewko wygl\u0105da\u0142o tak:<a href=\"http:\/\/projektcydr.pl\/blog\/wp-content\/uploads\/2019\/05\/IMG_7701.jpg\"><img loading=\"lazy\" decoding=\"async\" class=\"alignnone wp-image-3072 size-medium\" src=\"http:\/\/projektcydr.pl\/blog\/wp-content\/uploads\/2019\/05\/IMG_7701-200x300.jpg\" alt=\"\" width=\"200\" height=\"300\" srcset=\"https:\/\/projektcydr.pl\/blog\/wp-content\/uploads\/2019\/05\/IMG_7701-200x300.jpg 200w, https:\/\/projektcydr.pl\/blog\/wp-content\/uploads\/2019\/05\/IMG_7701-768x1152.jpg 768w, https:\/\/projektcydr.pl\/blog\/wp-content\/uploads\/2019\/05\/IMG_7701-683x1024.jpg 683w\" sizes=\"auto, (max-width: 200px) 100vw, 200px\" \/><\/a><\/p>\n<p>powy\u017cej: Kingston Black, wiosna 2016<\/p>\n<p>Wi\u0119c jest nadzieja \u017ce za trzy lata tegoroczne m\u0142ode drzewka r\u00f3wnie\u017c si\u0119 tak rozrosn\u0105 \ud83d\ude42<\/p>\n<p>Nie ustaj\u0119 w wysi\u0142kach, \u017ceby te drzewka ros\u0142y bardziej roz\u0142o\u017cyste &#8211; pomimo ci\u0119cia maj\u0105 straszne parcie na prowadzenie ga\u0142\u0119zi prosto do g\u00f3ry. To co wida\u0107 na zdj\u0119ciu to ponaci\u0105gane gumki recepturki, kt\u00f3rymi w tym roku usi\u0142uj\u0119 formowa\u0107 korony. Zobaczymy jak si\u0119 sprawdz\u0105, z ca\u0142\u0105 pewno\u015bci\u0105 zak\u0142ada si\u0119 je szybciej ni\u017c mocowane do ziemi sznurki:<\/p>\n<p><a href=\"http:\/\/projektcydr.pl\/blog\/wp-content\/uploads\/2019\/05\/IMG_3302.jpg\"><img loading=\"lazy\" decoding=\"async\" class=\"alignnone wp-image-3084 size-medium\" src=\"http:\/\/projektcydr.pl\/blog\/wp-content\/uploads\/2019\/05\/IMG_3302-300x200.jpg\" alt=\"\" width=\"300\" height=\"200\" srcset=\"https:\/\/projektcydr.pl\/blog\/wp-content\/uploads\/2019\/05\/IMG_3302-300x200.jpg 300w, https:\/\/projektcydr.pl\/blog\/wp-content\/uploads\/2019\/05\/IMG_3302-768x512.jpg 768w, https:\/\/projektcydr.pl\/blog\/wp-content\/uploads\/2019\/05\/IMG_3302-1024x683.jpg 1024w, https:\/\/projektcydr.pl\/blog\/wp-content\/uploads\/2019\/05\/IMG_3302-450x300.jpg 450w\" sizes=\"auto, (max-width: 300px) 100vw, 300px\" \/><\/a> <a href=\"http:\/\/projektcydr.pl\/blog\/wp-content\/uploads\/2019\/05\/IMG_3303.jpg\"><img loading=\"lazy\" decoding=\"async\" class=\"alignnone wp-image-3085 size-medium\" src=\"http:\/\/projektcydr.pl\/blog\/wp-content\/uploads\/2019\/05\/IMG_3303-300x200.jpg\" alt=\"\" width=\"300\" height=\"200\" srcset=\"https:\/\/projektcydr.pl\/blog\/wp-content\/uploads\/2019\/05\/IMG_3303-300x200.jpg 300w, https:\/\/projektcydr.pl\/blog\/wp-content\/uploads\/2019\/05\/IMG_3303-768x512.jpg 768w, https:\/\/projektcydr.pl\/blog\/wp-content\/uploads\/2019\/05\/IMG_3303-1024x683.jpg 1024w, https:\/\/projektcydr.pl\/blog\/wp-content\/uploads\/2019\/05\/IMG_3303-450x300.jpg 450w\" sizes=\"auto, (max-width: 300px) 100vw, 300px\" \/><\/a><\/p>\n<p>M\u0142ode ga\u0142\u0105zki dodatkowo pochylam u\u017cywaj\u0105c spinaczy do bielizny:<\/p>\n<p><a href=\"http:\/\/projektcydr.pl\/blog\/wp-content\/uploads\/2019\/05\/IMG_3301.jpg\"><img loading=\"lazy\" decoding=\"async\" class=\"alignnone wp-image-3086 size-medium\" src=\"http:\/\/projektcydr.pl\/blog\/wp-content\/uploads\/2019\/05\/IMG_3301-e1556887416238-200x300.jpg\" alt=\"\" width=\"200\" height=\"300\" srcset=\"https:\/\/projektcydr.pl\/blog\/wp-content\/uploads\/2019\/05\/IMG_3301-e1556887416238-200x300.jpg 200w, https:\/\/projektcydr.pl\/blog\/wp-content\/uploads\/2019\/05\/IMG_3301-e1556887416238-768x1152.jpg 768w, https:\/\/projektcydr.pl\/blog\/wp-content\/uploads\/2019\/05\/IMG_3301-e1556887416238-683x1024.jpg 683w\" sizes=\"auto, (max-width: 200px) 100vw, 200px\" \/><\/a><\/p>\n<p>Dzi\u0119ki temu wp\u0142ywam na k\u0105t pod jakim b\u0119d\u0105 odchodzi\u0142y od pnia. Im bardziej prostopad\u0142e, tym b\u0119d\u0105 mia\u0142y mniejsze tendencje do wy\u0142amywania si\u0119 pod obci\u0105\u017ceniem.<\/p>\n<p>Nieoczekiwanie mog\u0119 r\u00f3wnie\u017c odnotowa\u0107 umiarkowany sukces je\u015bli chodzi o szczepienia! Sadz\u0105c drzewka w grudniu przyci\u0105\u0142em im &#8222;ko\u0144c\u00f3wki&#8221; &#8211; a \u017ce by\u0142o mi \u017cal cennego materia\u0142u, powtyka\u0142em je do wilgotnego piasku i wsadzi\u0142em do lod\u00f3wki:<\/p>\n<p><a href=\"http:\/\/projektcydr.pl\/blog\/wp-content\/uploads\/2019\/05\/IMG_2826.jpg\"><img loading=\"lazy\" decoding=\"async\" class=\"alignnone wp-image-3071 size-medium\" src=\"http:\/\/projektcydr.pl\/blog\/wp-content\/uploads\/2019\/05\/IMG_2826-e1556779307299-200x300.jpg\" alt=\"\" width=\"200\" height=\"300\" srcset=\"https:\/\/projektcydr.pl\/blog\/wp-content\/uploads\/2019\/05\/IMG_2826-e1556779307299-200x300.jpg 200w, https:\/\/projektcydr.pl\/blog\/wp-content\/uploads\/2019\/05\/IMG_2826-e1556779307299-768x1152.jpg 768w, https:\/\/projektcydr.pl\/blog\/wp-content\/uploads\/2019\/05\/IMG_2826-e1556779307299-683x1024.jpg 683w\" sizes=\"auto, (max-width: 200px) 100vw, 200px\" \/><\/a><\/p>\n<p>Na pocz\u0105tku kwietnia, bez wi\u0119kszej wiary w powodzenie operacji, zaszczepi\u0142em na starej Renecie &#8211; i prosz\u0119, dwie ga\u0142\u0105zki si\u0119 przyj\u0119\u0142y:<\/p>\n<p><a href=\"http:\/\/projektcydr.pl\/blog\/wp-content\/uploads\/2019\/05\/szczepka-1.jpg\"><img loading=\"lazy\" decoding=\"async\" class=\"alignnone wp-image-3067 size-medium\" src=\"http:\/\/projektcydr.pl\/blog\/wp-content\/uploads\/2019\/05\/szczepka-1-300x200.jpg\" alt=\"\" width=\"300\" height=\"200\" srcset=\"https:\/\/projektcydr.pl\/blog\/wp-content\/uploads\/2019\/05\/szczepka-1-300x200.jpg 300w, https:\/\/projektcydr.pl\/blog\/wp-content\/uploads\/2019\/05\/szczepka-1-768x512.jpg 768w, https:\/\/projektcydr.pl\/blog\/wp-content\/uploads\/2019\/05\/szczepka-1-1024x683.jpg 1024w, https:\/\/projektcydr.pl\/blog\/wp-content\/uploads\/2019\/05\/szczepka-1-450x300.jpg 450w\" sizes=\"auto, (max-width: 300px) 100vw, 300px\" \/><\/a> <a href=\"http:\/\/projektcydr.pl\/blog\/wp-content\/uploads\/2019\/05\/szczepka-2.jpg\"><img loading=\"lazy\" decoding=\"async\" class=\"alignnone wp-image-3068 size-medium\" src=\"http:\/\/projektcydr.pl\/blog\/wp-content\/uploads\/2019\/05\/szczepka-2-300x200.jpg\" alt=\"\" width=\"300\" height=\"200\" srcset=\"https:\/\/projektcydr.pl\/blog\/wp-content\/uploads\/2019\/05\/szczepka-2-300x200.jpg 300w, https:\/\/projektcydr.pl\/blog\/wp-content\/uploads\/2019\/05\/szczepka-2-768x512.jpg 768w, https:\/\/projektcydr.pl\/blog\/wp-content\/uploads\/2019\/05\/szczepka-2-1024x683.jpg 1024w, https:\/\/projektcydr.pl\/blog\/wp-content\/uploads\/2019\/05\/szczepka-2-450x300.jpg 450w\" sizes=\"auto, (max-width: 300px) 100vw, 300px\" \/><\/a><\/p>\n<p>By\u0107 mo\u017ce b\u0119dzie tak, \u017ce b\u0119d\u0119 mia\u0142 z nich owoce wcze\u015bniej ni\u017c zaowocuj\u0105 oryginalne drzewka &#8211; bo patrz\u0119 na jedn\u0105 ga\u0142\u0105zk\u0119, kt\u00f3ra przyj\u0119\u0142a si\u0119 w zesz\u0142ym sezonie i normalnie wzi\u0119\u0142a i zakwit\u0142a \ud83d\ude42<a href=\"http:\/\/projektcydr.pl\/blog\/wp-content\/uploads\/2019\/05\/szczepka-3-k.jpg\"><img loading=\"lazy\" decoding=\"async\" class=\"alignnone size-large wp-image-3069\" src=\"http:\/\/projektcydr.pl\/blog\/wp-content\/uploads\/2019\/05\/szczepka-3-k-1024x683.jpg\" alt=\"\" width=\"584\" height=\"390\" srcset=\"https:\/\/projektcydr.pl\/blog\/wp-content\/uploads\/2019\/05\/szczepka-3-k-1024x683.jpg 1024w, https:\/\/projektcydr.pl\/blog\/wp-content\/uploads\/2019\/05\/szczepka-3-k-300x200.jpg 300w, https:\/\/projektcydr.pl\/blog\/wp-content\/uploads\/2019\/05\/szczepka-3-k-768x512.jpg 768w, https:\/\/projektcydr.pl\/blog\/wp-content\/uploads\/2019\/05\/szczepka-3-k-450x300.jpg 450w\" sizes=\"auto, (max-width: 584px) 100vw, 584px\" \/><\/a><\/p>\n<p>Szczepienia w tym roku wysz\u0142y lepiej ni\u017c poprzednio prawdopodobnie dlatego, \u017ce &#8211; opr\u00f3cz tego \u017ce nabra\u0142em ju\u017c troch\u0119 wprawy &#8211; nie by\u0142o tym razem \u017cadnego przymrozka. W zesz\u0142ym roku by\u0142a jedna lub dwie noce gdzie temperatura spad\u0142\u0105 poni\u017cej zera &#8211; moim zdaniem to w\u0142a\u015bnie zaszkodzi\u0142o wtedy moim szczepieniom.<\/p>\n<p>Inna sprawa, \u017ce kolega z forum podzieli\u0142 si\u0119 ze mn\u0105 profesjonaln\u0105 ta\u015bm\u0105 do szczepie\u0144 Medifilm:<\/p>\n<p><a href=\"http:\/\/projektcydr.pl\/blog\/wp-content\/uploads\/2019\/05\/IMG_3298.jpg\"><img loading=\"lazy\" decoding=\"async\" class=\"alignnone wp-image-3077 size-medium\" src=\"http:\/\/projektcydr.pl\/blog\/wp-content\/uploads\/2019\/05\/IMG_3298-e1556865620590-200x300.jpg\" alt=\"\" width=\"200\" height=\"300\" srcset=\"https:\/\/projektcydr.pl\/blog\/wp-content\/uploads\/2019\/05\/IMG_3298-e1556865620590-200x300.jpg 200w, https:\/\/projektcydr.pl\/blog\/wp-content\/uploads\/2019\/05\/IMG_3298-e1556865620590-768x1152.jpg 768w, https:\/\/projektcydr.pl\/blog\/wp-content\/uploads\/2019\/05\/IMG_3298-e1556865620590-683x1024.jpg 683w\" sizes=\"auto, (max-width: 200px) 100vw, 200px\" \/><\/a><\/p>\n<p>Ta\u015bma podzielona jest na kr\u00f3tkie odcinki, 5 lub 7 cm w zale\u017cno\u015bci od wersji (tutaj 5cm). Jest super rozci\u0105gliwa, i jak kto\u015b ma wpraw\u0119 to jeden taki paseczek starcza na jedno szczepienie:<\/p>\n<p><a href=\"http:\/\/projektcydr.pl\/blog\/wp-content\/uploads\/2019\/05\/IMG_3299.jpg\"><img loading=\"lazy\" decoding=\"async\" class=\"alignnone wp-image-3078 size-medium\" src=\"http:\/\/projektcydr.pl\/blog\/wp-content\/uploads\/2019\/05\/IMG_3299-300x200.jpg\" alt=\"\" width=\"300\" height=\"200\" srcset=\"https:\/\/projektcydr.pl\/blog\/wp-content\/uploads\/2019\/05\/IMG_3299-300x200.jpg 300w, https:\/\/projektcydr.pl\/blog\/wp-content\/uploads\/2019\/05\/IMG_3299-768x512.jpg 768w, https:\/\/projektcydr.pl\/blog\/wp-content\/uploads\/2019\/05\/IMG_3299-1024x683.jpg 1024w, https:\/\/projektcydr.pl\/blog\/wp-content\/uploads\/2019\/05\/IMG_3299-450x300.jpg 450w\" sizes=\"auto, (max-width: 300px) 100vw, 300px\" \/><\/a> <a href=\"http:\/\/projektcydr.pl\/blog\/wp-content\/uploads\/2019\/05\/IMG_3300.jpg\"><img loading=\"lazy\" decoding=\"async\" class=\"alignnone wp-image-3079 size-medium\" src=\"http:\/\/projektcydr.pl\/blog\/wp-content\/uploads\/2019\/05\/IMG_3300-300x200.jpg\" alt=\"\" width=\"300\" height=\"200\" srcset=\"https:\/\/projektcydr.pl\/blog\/wp-content\/uploads\/2019\/05\/IMG_3300-300x200.jpg 300w, https:\/\/projektcydr.pl\/blog\/wp-content\/uploads\/2019\/05\/IMG_3300-768x512.jpg 768w, https:\/\/projektcydr.pl\/blog\/wp-content\/uploads\/2019\/05\/IMG_3300-1024x683.jpg 1024w, https:\/\/projektcydr.pl\/blog\/wp-content\/uploads\/2019\/05\/IMG_3300-450x300.jpg 450w\" sizes=\"auto, (max-width: 300px) 100vw, 300px\" \/><\/a><\/p>\n<p>Po obwini\u0119ciu pasek \u0142adnie przywiera i nie ma tendencji od odwijania si\u0119. Przy tym jest jakby nawoskowany i nie ma potrzeby dodatkowego zabezpieczania go ma\u015bci\u0105 sadownicz\u0105. I do tego bonus: po sezonie ulega naturalnej degradacji, wi\u0119c nie ma potrzeby pami\u0119ta\u0107 o wszystkich miejscach, kt\u00f3re si\u0119 szczepi\u0142o \u017ceby te opaski w przysz\u0142o\u015bci odwin\u0105\u0107.<\/p>\n<p>Tak, wiem \u017ce to r\u00f3wnie dobrze mo\u017cna zrobi\u0107 zwyk\u0142\u0105 foli\u0105 lub izolacj\u0105, i na ma\u0142\u0105 skal\u0119 to mo\u017ce jest troch\u0119 przesada z jak\u0105\u015b ta\u015bm\u0105 sadownicz\u0105 &#8211; ale spodoba\u0142o mi si\u0119 bo to przecie\u017c takie profesjonalne \ud83d\ude09 , no a poza tym kilka zraz\u00f3w si\u0119 przecie\u017c przyj\u0119\u0142o!<\/p>\n<p>Jak kto\u015b chce spr\u00f3bowa\u0107, to ch\u0119tnie pode\u015bl\u0119 kilka takich pask\u00f3w na pr\u00f3b\u0119, bo na rolce jest kilkaset sztuk, i podejrzewam \u017ce przy moim zu\u017cyciu pr\u0119dzej si\u0119 zestarzeje ni\u017c sko\u0144czy \ud83d\ude42<\/p>\n<p>Podbudowany sukcesem zaopatrzy\u0142em si\u0119 w 50 sztuk siewek Anton\u00f3wki, na kt\u00f3rych w wakacje b\u0119d\u0119 si\u0119 uczy\u0142 szczepi\u0107 &#8222;oczka&#8221;. Na podk\u0142adce z Anton\u00f3wki wyrastaj\u0105 najwi\u0119ksze drzewa, ale te\u017c trzeba si\u0119 liczy\u0107 z tym, \u017ce kilka lat musi min\u0105\u0107 zanim wejd\u0105 w faz\u0119 owocowania. Na razie rozsadzi\u0142em do 3L doniczek i z dalszym ci\u0105giem czekam do lipca:<\/p>\n<p><a href=\"http:\/\/projektcydr.pl\/blog\/wp-content\/uploads\/2019\/05\/podk\u0142adki.jpg\"><img loading=\"lazy\" decoding=\"async\" class=\"alignnone wp-image-3070 size-medium\" src=\"http:\/\/projektcydr.pl\/blog\/wp-content\/uploads\/2019\/05\/podk\u0142adki-e1556779294786-200x300.jpg\" alt=\"\" width=\"200\" height=\"300\" srcset=\"https:\/\/projektcydr.pl\/blog\/wp-content\/uploads\/2019\/05\/podk\u0142adki-e1556779294786-200x300.jpg 200w, https:\/\/projektcydr.pl\/blog\/wp-content\/uploads\/2019\/05\/podk\u0142adki-e1556779294786-768x1152.jpg 768w, https:\/\/projektcydr.pl\/blog\/wp-content\/uploads\/2019\/05\/podk\u0142adki-e1556779294786-683x1024.jpg 683w\" sizes=\"auto, (max-width: 200px) 100vw, 200px\" \/><\/a><a href=\"http:\/\/projektcydr.pl\/blog\/wp-content\/uploads\/2019\/05\/doniczki.jpg\"><img loading=\"lazy\" decoding=\"async\" class=\"alignnone wp-image-3081 size-medium\" src=\"http:\/\/projektcydr.pl\/blog\/wp-content\/uploads\/2019\/05\/doniczki-300x200.jpg\" alt=\"\" width=\"300\" height=\"200\" srcset=\"https:\/\/projektcydr.pl\/blog\/wp-content\/uploads\/2019\/05\/doniczki-300x200.jpg 300w, https:\/\/projektcydr.pl\/blog\/wp-content\/uploads\/2019\/05\/doniczki-768x512.jpg 768w, https:\/\/projektcydr.pl\/blog\/wp-content\/uploads\/2019\/05\/doniczki-1024x683.jpg 1024w, https:\/\/projektcydr.pl\/blog\/wp-content\/uploads\/2019\/05\/doniczki-450x300.jpg 450w\" sizes=\"auto, (max-width: 300px) 100vw, 300px\" \/><\/a><\/p>\n<p>Nie wiem jak to jest &#8211; czy takie &#8222;oczka&#8221; puszcz\u0105 jeszcze w tym sezonie, czy dopiero po przyci\u0119ciu na przysz\u0142\u0105 wiosn\u0119? W ka\u017cdym razie licz\u0119 na to, \u017ce za sezon-dwa b\u0119d\u0119 m\u00f3g\u0142 porozdawa\u0107 troch\u0119 gotowych sadzonek! \ud83d\ude42<\/p>\n","protected":false},"excerpt":{"rendered":"<p>Pe\u0142en sukces! Wszystkie cydrowe drzewka, kt\u00f3re zasadzi\u0142em tu\u017c przez Bo\u017cym Narodzeniem (link) puszczaj\u0105 listki! Niekt\u00f3rym w Polsce spodoba\u0142o si\u0119 tak bardzo, \u017ce nawet zakwit\u0142y \ud83d\ude09 Tym samym, moja kolekcja cydrowych drzewek liczy obecnie a\u017c 9 odmian!<\/p>\n","protected":false},"author":4,"featured_media":0,"comment_status":"open","ping_status":"open","sticky":false,"template":"","format":"standard","meta":{"footnotes":""},"categories":[21],"tags":[],"class_list":["post-3056","post","type-post","status-publish","format-standard","hentry","category-drzewka"],"_links":{"self":[{"href":"https:\/\/projektcydr.pl\/blog\/wp-json\/wp\/v2\/posts\/3056","targetHints":{"allow":["GET"]}}],"collection":[{"href":"https:\/\/projektcydr.pl\/blog\/wp-json\/wp\/v2\/posts"}],"about":[{"href":"https:\/\/projektcydr.pl\/blog\/wp-json\/wp\/v2\/types\/post"}],"author":[{"embeddable":true,"href":"https:\/\/projektcydr.pl\/blog\/wp-json\/wp\/v2\/users\/4"}],"replies":[{"embeddable":true,"href":"https:\/\/projektcydr.pl\/blog\/wp-json\/wp\/v2\/comments?post=3056"}],"version-history":[{"count":9,"href":"https:\/\/projektcydr.pl\/blog\/wp-json\/wp\/v2\/posts\/3056\/revisions"}],"predecessor-version":[{"id":3088,"href":"https:\/\/projektcydr.pl\/blog\/wp-json\/wp\/v2\/posts\/3056\/revisions\/3088"}],"wp:attachment":[{"href":"https:\/\/projektcydr.pl\/blog\/wp-json\/wp\/v2\/media?parent=3056"}],"wp:term":[{"taxonomy":"category","embeddable":true,"href":"https:\/\/projektcydr.pl\/blog\/wp-json\/wp\/v2\/categories?post=3056"},{"taxonomy":"post_tag","embeddable":true,"href":"https:\/\/projektcydr.pl\/blog\/wp-json\/wp\/v2\/tags?post=3056"}],"curies":[{"name":"wp","href":"https:\/\/api.w.org\/{rel}","templated":true}]}}