{"id":3352,"date":"2019-10-03T05:57:10","date_gmt":"2019-10-03T04:57:10","guid":{"rendered":"http:\/\/projektcydr.pl\/?p=3352"},"modified":"2019-10-09T05:57:38","modified_gmt":"2019-10-09T04:57:38","slug":"jablkowe-lowy","status":"publish","type":"post","link":"https:\/\/projektcydr.pl\/blog\/?p=3352","title":{"rendered":"Jab\u0142kowe \u0142owy"},"content":{"rendered":"\n<p>Wygl\u0105da na to, \u017ce b\u0119d\u0119 musia\u0142 od\u0142o\u017cy\u0107 plany poeksperymentowania z jednoodmianowymi cyderkami ze starych odmian na przysz\u0142y rok. Gdziekolwiek nie spytam, wsz\u0119dzie sytuacja wygl\u0105da podobnie: stare odmiany owocuj\u0105 zwykle co dwa lata, a obfite owocowanie przypad\u0142o akurat na ubieg\u0142y sezon&#8230; \ud83d\ude41<\/p>\n\n\n\n<p>Ale to bynajmniej nie znaczy, \u017ce nie uda\u0142o mi si\u0119 niczego zdoby\u0107! Wbrew przeciwno\u015bciom, ten sezon r\u00f3wnie\u017c zapowiada si\u0119 ciekawie \ud83d\ude42<\/p>\n\n\n\n<!--more-->\n\n\n\n<p>Nie da si\u0119 ukry\u0107, \u017ce dla kogo\u015b nie obracaj\u0105cego si\u0119 na co dzie\u0144 w bran\u017cy sadowniczej, znalezienie doj\u015bcia do starych odmian, czy w og\u00f3le chocia\u017cby zidentyfikowanie miejsc gdzie takie odmiany s\u0105 hodowane, nie nale\u017cy do zada\u0144 \u0142atwych! Ale po nitce do k\u0142\u0119bka&#8230; \ud83d\ude42<\/p>\n\n\n\n<p>Do\u015b\u0107 szybko trafi\u0142em na &#8211; sztandarowy w bran\u017cy &#8211; Instytut Sadownictwa w Skierniewicach, kt\u00f3ry w swojej kolekcji posiada&#8230; oko\u0142o 1300 r\u00f3\u017cnych odmian! Niestety, o ile ch\u0119tnie podziel\u0105 si\u0119 zrazami do szczepie\u0144 &#8211; o tyle samymi jab\u0142kami ju\u017c nie. To zdaje si\u0119 by\u0107 niestety typowym podej\u015bciem w przypadku miejsc realizuj\u0105cych misj\u0119 ratowania\/zachowania starych odmian: nie nastawiaj\u0105 si\u0119 na sprzeda\u017c owoc\u00f3w. Z pozytywnych rzeczy: uda\u0142o mi si\u0119 tam porozmawia\u0107 z bardzo kompetentnymi lud\u017ami. Dowiedzia\u0142em si\u0119 m.in. \u017ce by\u0142y przypadki, stosunkowo niedawno, \u017ce kto\u015b w Polsce, z ich pomoc\u0105, zak\u0142ada\u0142 sad z cydrowymi odmianami! Szkoda, \u017ce nie mam kontaktu do tych sadownik\u00f3w &#8211; na pewno mo\u017cna by si\u0119 dowiedzie\u0107 od nich czego\u015b ciekawego, a mo\u017ce nawet wyd\u0119bi\u0107 troch\u0119 jab\u0142ek \ud83d\ude09 Podpowiedzieli mi r\u00f3wnie\u017c, \u017ce takie prawdopodobnie typowo cydrowe odmiany mo\u017cna znale\u017a\u0107 w Mu\u017cakowie &#8211; bo byli tam kiedy\u015b klasyfikowa\u0107 jab\u0142onie i natkn\u0119li si\u0119 w\u0142a\u015bnie na takie gorzkie i niesmaczne \ud83d\ude09 Podobno nikt ich tam nie zbiera.<\/p>\n\n\n\n<p>Tak wi\u0119c, b\u0119d\u0105c akurat przejazdem w okolicy, odwiedzi\u0142em <a href=\"https:\/\/www.park-muzakowski.pl\/\">Park Mu\u017cakowski<\/a>. Na prawd\u0119 pi\u0119kne miejsce, w sk\u0142ad kt\u00f3rego &#8211; opr\u00f3cz teren\u00f3w parkowych, dworskich i og\u00f3lno-rekreacyjnych &#8211; wchodzi faktycznie arboretum, czyli sad w kt\u00f3rym zachowane s\u0105 typowe dla tego rejonu odmiany jab\u0142oni. Czy rosn\u0105 tam odmiany cydrowe? Musz\u0119 wierzy\u0107 na s\u0142owo, bo by\u0142em tam z pocz\u0105tkiem sierpnia, czyli zdecydowanie jak na jab\u0142ka zbyt wcze\u015bnie &#8211; a jako \u017ce to jest prawie 500km od Krakowa, ponowna wycieczka, specjalnie po jab\u0142ka, by\u0142oby lekk\u0105 przesad\u0105. Szczeg\u00f3lnie \u017ce owoc\u00f3w na drzewach praktycznie nie zaobserwowa\u0142em&#8230; Ale je\u015bli kto\u015b mieszka w okolicy to jak najbardziej polecam podjecha\u0107 i sprawdzi\u0107!<\/p>\n\n\n\n<p>Koniec ko\u0144c\u00f3w moje poszukiwania okaza\u0142y si\u0119 jednak owocne &#8211; dos\u0142ownie i w przeno\u015bni \ud83d\ude42 &#8211; bo doprowadzi\u0142y mnie do <a href=\"https:\/\/bolestraszyce.com.pl\/kolekcje\/stare-odmiany-jabloni-2\/\">Arboretum w Bolestraszycach<\/a>. Jest to jedno z tych nielicznych miejsc, gdzie opr\u00f3cz tego \u017ce mo\u017cna znale\u017a\u0107 wiele starych odmian, to r\u00f3wnie\u017c mo\u017cna takie jab\u0142ka kupi\u0107. Maj\u0105 tam za\u0142o\u017cony bodaj\u017ce w latach 90-tych sad, w kt\u00f3rym uda\u0142o si\u0119 zgromadzi\u0107 ponad 100 unikatowych starych odmian. Z tego co zrozumia\u0142em, pozyskuj\u0105 je na r\u00f3\u017cne sposoby: np. je\u017cd\u017c\u0105 po kraju i zbieraj\u0105 szczepki, ale r\u00f3wnie\u017c sami ludzie posiadaj\u0105cy ciekawe i unikatowe odmiany przysy\u0142aj\u0105 im zrazy. Nie wszystkie odmiany s\u0105 zidentyfikowane &#8211; wiele drzewek nie ma przypisanej nazwy, i funkcjonuje jedynie jako numer; tutaj wci\u0105\u017c prace trwaj\u0105 i od czasu do czasu udaje si\u0119 &#8211; na podstawie starych opis\u00f3w \/ rysunk\u00f3w \/ zdj\u0119\u0107 &#8211; ustali\u0107 prawdziw\u0105 to\u017csamo\u015b\u0107 kolejnych jab\u0142oni.<\/p>\n\n\n\n<p>Sad jest prowadzony ca\u0142kowicie naturalnie: drzewa nie s\u0105 nawo\u017cone, oprysk ogranicza si\u0119 do jednorazowego u\u017cycia miedzianu, kt\u00f3ry jest dopuszczony jako \u015brodek w uprawach &#8222;bio&#8221;, a pod drzewami wa\u0142\u0119saj\u0105 si\u0119 owce, \u017ceby nie trzeba by\u0142o kosi\u0107 trawy. Same drzewa s\u0105 ca\u0142kiem spore, bo szczepione na podk\u0142adkach z Anton\u00f3wki &#8211; chocia\u017c sam sad jest wci\u0105\u017c na do\u015b\u0107 wczesnym etapie wzrostu: podobno taki tradycyjny ro\u015bnie 100 lat, potem 100 lat stabilnie rodzi, a nast\u0119pnie przez 100 lat umiera &#8211; tutaj m\u00f3wimy o raptem pierwszym 30-leciu. <\/p>\n\n\n\n<p>Niestety &#8211; jak wspomina\u0142em &#8211; jab\u0142ek nie ma teraz zbyt wiele, i r\u00f3wnie\u017c w tym sadzie wyra\u017anie wida\u0107 \u017ce drzewka zrobi\u0142y sobie w tym roku przerw\u0119. Mia\u0142em nadziej\u0119 pozbiera\u0107 po dziesi\u0119\u0107, mo\u017ce kilkana\u015bcie kilogram\u00f3w per ka\u017cda odmiana &#8211; niestety, w wi\u0119kszo\u015bci przypadk\u00f3w nie by\u0142o ich a\u017c tyle. Poza tym jab\u0142onie bardzo wcze\u015bnie zacz\u0119\u0142y przygotowywa\u0107 si\u0119 do zimy, a co za tym idzie jab\u0142ka zacz\u0119\u0142y spada\u0107 wcze\u015bniej ni\u017c mo\u017cna by\u0142o si\u0119 tego spodziewa\u0107. Przyjecha\u0142em dos\u0142ownie w ostatniej chwili, \u017ceby jeszcze co\u015b sobie z tych spad\u00f3w pozbiera\u0107.<\/p>\n\n\n\n<p>Wr\u00f3ci\u0142em ob\u0142adowany 140 kilogramami najrozmaitszych odmian \ud83d\ude00 Uda\u0142o mi si\u0119 zdoby\u0107 m.in. Groch\u00f3wk\u0119, \u017bela\u017aniaka, Kalwill\u0119, Kosztel\u0119, wiele r\u00f3\u017cnych Renet i  Grafsztynka. Ca\u0142kiem nie\u017ale! Tak prezentuj\u0105 si\u0119 te &#8222;prawdziwe jab\u0142ka&#8221;:<\/p>\n\n\n\n<div class=\"wp-block-image\"><figure class=\"aligncenter is-resized\"><a href=\"https:\/\/projektcydr.pl\/blog\/wp-content\/uploads\/2019\/10\/IMG_3543.jpg\" target=\"_blank\" rel=\"noreferrer noopener\"><img loading=\"lazy\" decoding=\"async\" src=\"http:\/\/projektcydr.pl\/blog\/wp-content\/uploads\/2019\/10\/IMG_3543-1024x683.jpg\" alt=\"\" class=\"wp-image-3353\" width=\"478\" height=\"318\" srcset=\"https:\/\/projektcydr.pl\/blog\/wp-content\/uploads\/2019\/10\/IMG_3543-1024x683.jpg 1024w, https:\/\/projektcydr.pl\/blog\/wp-content\/uploads\/2019\/10\/IMG_3543-300x200.jpg 300w, https:\/\/projektcydr.pl\/blog\/wp-content\/uploads\/2019\/10\/IMG_3543-768x512.jpg 768w, https:\/\/projektcydr.pl\/blog\/wp-content\/uploads\/2019\/10\/IMG_3543-450x300.jpg 450w\" sizes=\"auto, (max-width: 478px) 100vw, 478px\" \/><\/a><figcaption>Zdj\u0119cie 1 &#8211; Jab\u0142ka i jab\u0142ka<\/figcaption><\/figure><\/div>\n\n\n\n<p>Troch\u0119 szkoda, \u017ce z poszczeg\u00f3lnych odmian jedynie Groch\u00f3wki i \u017bela\u017aniaka jest na tyle du\u017co, \u017ceby by\u0142o sens robi\u0107 z nich jednoodmianowe cyderki. Ale w sumie nic straconego &#8211; z pozosta\u0142ych odmian b\u0119d\u0119 po prostu robi\u0142 blendy.<\/p>\n\n\n\n<p>Jad\u0105c po te jab\u0142ka mia\u0142em nadziej\u0119, \u017ce znajd\u0119 w tym sadzie jak\u0105\u015b odmian\u0119, mo\u017ce nawet kilka, kt\u00f3re b\u0119d\u0105 mia\u0142y cechy jab\u0142ek cydrowych: np. troch\u0119 goryczki, czy jaki\u015b charakterystyczny posmak. Niestety, pomimo \u017ce uda\u0142o mi si\u0119 spr\u00f3bowa\u0107 jab\u0142ek z wi\u0119kszo\u015bci drzew, wszystkie by\u0142y &#8222;normalne&#8221;: albo typowo deserowe, albo do pieczenia &#8211; \u017cadna nie mia\u0142a poszukiwanych przeze mnie cech. W sumie &#8211; po tym jak ostatnio mia\u0142em okazj\u0119 kosztowa\u0107 takie typowo cydrowe jab\u0142ko &#8211; wcale mnie to nie dziwi: je\u015bli komu\u015b kiedy\u015b wyros\u0142a przez przypadek taka cydrowa odmiana, czym pr\u0119dzej j\u0105 wycina\u0142, ze wzgl\u0119du na raczej ohydne walory smakowe&#8230; \ud83d\ude09<\/p>\n\n\n\n<p>Niemniej jednak rozpi\u0119to\u015b\u0107 pomi\u0119dzy poszczeg\u00f3lnymi odmianami, zar\u00f3wno pod wzgl\u0119dem wygl\u0105du (co wyra\u017anie wida\u0107 na zdj\u0119ciu powy\u017cej), jak i smaku, jest ogromna. Niekt\u00f3re odmiany s\u0105 super smaczne, inne niczym szczeg\u00f3lnym si\u0119 nie wyr\u00f3\u017cniaj\u0105, cho\u0107 mo\u017ce do cydru wnios\u0105 mimo wszystko co\u015b ciekawego. Licz\u0119, \u017ce uda mi si\u0119 zrobi\u0107 na ich bazie wiele interesuj\u0105cych po\u0142\u0105cze\u0144!<\/p>\n\n\n\n<p>Co mnie dodatkowo bardzo cieszy, to wspomniany brak nawoz\u00f3w. Do tej pory zaopatruj\u0105c si\u0119 w komercyjne jab\u0142ka obstawiam \u017ce mia\u0142em do czynienia z do\u015b\u0107 mocno nawo\u017conym materia\u0142em. Ciekawi mnie jak taka niska zawarto\u015b\u0107 azotu prze\u0142o\u017cy si\u0119 na fermentacj\u0119 &#8211; czy b\u0119dzie jaka\u015b zauwa\u017calna r\u00f3\u017cnica w tempie procesu, i czy b\u0119dzie si\u0119 da\u0142o \u0142atwiej tak\u0105 fermentacj\u0119 zatrzyma\u0107. <\/p>\n\n\n\n<p>Poniewa\u017c jab\u0142ka zbiera\u0142em w wi\u0119kszo\u015bci z wilgotnej ziemi (no i te owce&#8230;), wszystkie owoce skrupulatnie wyk\u0105pa\u0142em:<\/p>\n\n\n\n<div class=\"wp-block-image\"><figure class=\"aligncenter is-resized\"><a href=\"https:\/\/projektcydr.pl\/blog\/wp-content\/uploads\/2019\/10\/IMG_3540.jpg\" target=\"_blank\" rel=\"noreferrer noopener\"><img loading=\"lazy\" decoding=\"async\" src=\"http:\/\/projektcydr.pl\/blog\/wp-content\/uploads\/2019\/10\/IMG_3540-1024x683.jpg\" alt=\"\" class=\"wp-image-3354\" width=\"382\" height=\"254\" srcset=\"https:\/\/projektcydr.pl\/blog\/wp-content\/uploads\/2019\/10\/IMG_3540-1024x683.jpg 1024w, https:\/\/projektcydr.pl\/blog\/wp-content\/uploads\/2019\/10\/IMG_3540-300x200.jpg 300w, https:\/\/projektcydr.pl\/blog\/wp-content\/uploads\/2019\/10\/IMG_3540-768x512.jpg 768w, https:\/\/projektcydr.pl\/blog\/wp-content\/uploads\/2019\/10\/IMG_3540-450x300.jpg 450w\" sizes=\"auto, (max-width: 382px) 100vw, 382px\" \/><\/a><figcaption>Zdj\u0119cie 2 &#8211; Jab\u0142ka w k\u0105pieli, pierwsza tura<\/figcaption><\/figure><\/div>\n\n\n\n<p>I gdy ju\u017c zyska\u0142y nieco bardziej apetyczny wygl\u0105d, wysuszy\u0142em i posegregowa\u0142em na trzy grupy:<\/p>\n\n\n\n<ul class=\"wp-block-list\"><li>jab\u0142ka pop\u0119kane oraz nadpsute posz\u0142y do bezpo\u015bredniej obr\u00f3bki i przerobi\u0142em je na (pasteryzowany) sok &#8211; \u017ceby nie by\u0142o \u017ce mam jab\u0142ka ale nie chc\u0119 si\u0119 podzieli\u0107 \ud83d\ude09<\/li><\/ul>\n\n\n\n<ul class=\"wp-block-list\"><li>jab\u0142ka poobijane, posiniaczone, czyli te kt\u00f3re w pierwszej kolejno\u015bci zacz\u0119\u0142y by si\u0119 psu\u0107, wsadzi\u0142em do lod\u00f3wki:<\/li><\/ul>\n\n\n\n<div class=\"wp-block-image\"><figure class=\"aligncenter is-resized\"><a href=\"https:\/\/projektcydr.pl\/blog\/wp-content\/uploads\/2019\/10\/IMG_3544r.jpg\" target=\"_blank\" rel=\"noreferrer noopener\"><img loading=\"lazy\" decoding=\"async\" src=\"http:\/\/projektcydr.pl\/blog\/wp-content\/uploads\/2019\/10\/IMG_3544r-683x1024.jpg\" alt=\"\" class=\"wp-image-3356\" width=\"298\" height=\"446\" srcset=\"https:\/\/projektcydr.pl\/blog\/wp-content\/uploads\/2019\/10\/IMG_3544r-683x1024.jpg 683w, https:\/\/projektcydr.pl\/blog\/wp-content\/uploads\/2019\/10\/IMG_3544r-200x300.jpg 200w, https:\/\/projektcydr.pl\/blog\/wp-content\/uploads\/2019\/10\/IMG_3544r-768x1152.jpg 768w\" sizes=\"auto, (max-width: 298px) 100vw, 298px\" \/><\/a><figcaption>Zdj\u0119cie 3 &#8211; Tymczasowa przechowalnia<\/figcaption><\/figure><\/div>\n\n\n\n<ul class=\"wp-block-list\"><li>a te kt\u00f3rym nic nie dolega\u0142o, wpakowa\u0142em z powrotem do work\u00f3w:<\/li><\/ul>\n\n\n\n<div class=\"wp-block-image\"><figure class=\"aligncenter is-resized\"><a href=\"https:\/\/projektcydr.pl\/blog\/wp-content\/uploads\/2019\/10\/IMG_3546.jpg\" target=\"_blank\" rel=\"noreferrer noopener\"><img loading=\"lazy\" decoding=\"async\" src=\"http:\/\/projektcydr.pl\/blog\/wp-content\/uploads\/2019\/10\/IMG_3546-1024x683.jpg\" alt=\"\" class=\"wp-image-3357\" width=\"340\" height=\"226\" srcset=\"https:\/\/projektcydr.pl\/blog\/wp-content\/uploads\/2019\/10\/IMG_3546-1024x683.jpg 1024w, https:\/\/projektcydr.pl\/blog\/wp-content\/uploads\/2019\/10\/IMG_3546-300x200.jpg 300w, https:\/\/projektcydr.pl\/blog\/wp-content\/uploads\/2019\/10\/IMG_3546-768x512.jpg 768w, https:\/\/projektcydr.pl\/blog\/wp-content\/uploads\/2019\/10\/IMG_3546-450x300.jpg 450w\" sizes=\"auto, (max-width: 340px) 100vw, 340px\" \/><\/a><figcaption>Zdj\u0119cie 4 &#8211; Czekaj\u0105c a\u017c zmi\u0119kn\u0105<\/figcaption><\/figure><\/div>\n\n\n\n<p>Ciekawe jak d\u0142ugo uda mi si\u0119 je teraz przetrzyma\u0107. Bo jab\u0142ka, szczeg\u00f3lnie te p\u00f3\u017aniejsze, warto przechowa\u0107 przez pewien czas a\u017c si\u0119 &#8222;wys\u0142odz\u0105&#8221; &#8211; czyli przerobi\u0105 ca\u0142\u0105 skrobi\u0119 na cukier, strac\u0105 troch\u0119 wody, nieco zmi\u0119kn\u0105, i og\u00f3lnie osi\u0105gn\u0105 kolejny poziom dojrza\u0142o\u015bci &#8211; co cz\u0119sto pozwala wydoby\u0107 z nich dodatkowy aromat. <\/p>\n\n\n\n<p>Plan mam taki, \u017ce b\u0119d\u0119 z tych jab\u0142ek co tydzie\u0144 wybiera\u0142 te najbardziej dojrza\u0142e (oraz te, kt\u00f3re s\u0105 ju\u017c na granicy zepsucia) i b\u0119d\u0119 z nich regularnie robi\u0142 co raz to inne cyderki. Mam nadziej\u0119, \u017ce uda mi si\u0119 w ten spos\u00f3b uzyska\u0107 co\u015b cho\u0107 troch\u0119 wyj\u0105tkowego, szczeg\u00f3lnie \u017ce sok, kt\u00f3ry zrobi\u0142em z jednego takiego losowego zestawu wyszed\u0142 na prawd\u0119 bardzo smaczny!<\/p>\n\n\n\n<p> Wygl\u0105da na to, \u017ce mam na ten sezon zapewniony zapas surowca! \ud83d\ude00<\/p>\n","protected":false},"excerpt":{"rendered":"<p>Wygl\u0105da na to, \u017ce b\u0119d\u0119 musia\u0142 od\u0142o\u017cy\u0107 plany poeksperymentowania z jednoodmianowymi cyderkami ze starych odmian na przysz\u0142y rok. Gdziekolwiek nie spytam, wsz\u0119dzie sytuacja wygl\u0105da podobnie: stare odmiany owocuj\u0105 zwykle co dwa lata, a obfite owocowanie przypad\u0142o akurat na ubieg\u0142y sezon&#8230; &hellip; <a href=\"https:\/\/projektcydr.pl\/blog\/?p=3352\">Czytaj dalej <span class=\"meta-nav\">&rarr;<\/span><\/a><\/p>\n","protected":false},"author":4,"featured_media":0,"comment_status":"open","ping_status":"open","sticky":false,"template":"","format":"standard","meta":{"footnotes":""},"categories":[23],"tags":[],"class_list":["post-3352","post","type-post","status-publish","format-standard","hentry","category-eksperymenty"],"_links":{"self":[{"href":"https:\/\/projektcydr.pl\/blog\/wp-json\/wp\/v2\/posts\/3352","targetHints":{"allow":["GET"]}}],"collection":[{"href":"https:\/\/projektcydr.pl\/blog\/wp-json\/wp\/v2\/posts"}],"about":[{"href":"https:\/\/projektcydr.pl\/blog\/wp-json\/wp\/v2\/types\/post"}],"author":[{"embeddable":true,"href":"https:\/\/projektcydr.pl\/blog\/wp-json\/wp\/v2\/users\/4"}],"replies":[{"embeddable":true,"href":"https:\/\/projektcydr.pl\/blog\/wp-json\/wp\/v2\/comments?post=3352"}],"version-history":[{"count":22,"href":"https:\/\/projektcydr.pl\/blog\/wp-json\/wp\/v2\/posts\/3352\/revisions"}],"predecessor-version":[{"id":3446,"href":"https:\/\/projektcydr.pl\/blog\/wp-json\/wp\/v2\/posts\/3352\/revisions\/3446"}],"wp:attachment":[{"href":"https:\/\/projektcydr.pl\/blog\/wp-json\/wp\/v2\/media?parent=3352"}],"wp:term":[{"taxonomy":"category","embeddable":true,"href":"https:\/\/projektcydr.pl\/blog\/wp-json\/wp\/v2\/categories?post=3352"},{"taxonomy":"post_tag","embeddable":true,"href":"https:\/\/projektcydr.pl\/blog\/wp-json\/wp\/v2\/tags?post=3352"}],"curies":[{"name":"wp","href":"https:\/\/api.w.org\/{rel}","templated":true}]}}