{"id":3716,"date":"2020-02-09T10:14:16","date_gmt":"2020-02-09T09:14:16","guid":{"rendered":"https:\/\/projektcydr.pl\/?p=3716"},"modified":"2020-02-09T18:13:55","modified_gmt":"2020-02-09T17:13:55","slug":"nowe-odmiany","status":"publish","type":"post","link":"https:\/\/projektcydr.pl\/blog\/?p=3716","title":{"rendered":"Nowe odmiany"},"content":{"rendered":"\n<p>Dzi\u015b polskie amatorskie cydrownictwo zyska\u0142o a\u017c osiem nowych odmian! \ud83d\ude42 To znaczy oczywi\u015bcie wszystko zale\u017cy od tego czy si\u0119 przyjm\u0105 &#8211; ale pozwol\u0119 sobie by\u0107 w tej kwestii optymist\u0105! Tym razem s\u0105 to g\u0142\u00f3wnie odmiany francuskie.  <\/p>\n\n\n\n<!--more-->\n\n\n\n<p>.Po ponad p\u00f3\u0142 roku czekania, dosta\u0142em nast\u0119puj\u0105ce zrazy:<\/p>\n\n\n\n<ul class=\"wp-block-list\"><li>Bedan<\/li><li>Binet Rouge<\/li><li>Jeanne Renard<\/li><li>Kermerrien<\/li><li>Muscat de Dieppe<\/li><li>Noel des Champs<\/li><li>Reine des Pommes<\/li><li>Ashton BItter (jedyna angielska)<\/li><\/ul>\n\n\n\n<p>Materia\u0142 dotar\u0142 w bardzo dobrym stanie, by\u0142 szczelnie zapakowany i zabezpieczony przed wyschni\u0119ciem. Co najwa\u017cniejsze: ga\u0142\u0105zki okaza\u0142y si\u0119 by\u0107 ca\u0142kiem poka\u017anych rozmiar\u00f3w. Tym samym mog\u0119 z czystym sumieniem poleci\u0107 <a href=\"https:\/\/gb-online.co.uk\"><a href=\"https:\/\/gb-online.co.uk\/\">https:\/\/gb-online.co.uk<\/a><\/a>. <\/p>\n\n\n\n<figure class=\"wp-block-image\"><a href=\"https:\/\/projektcydr.pl\/blog\/wp-content\/uploads\/2020\/02\/IMG_4143.jpg\"><img loading=\"lazy\" decoding=\"async\" width=\"1024\" height=\"683\" src=\"https:\/\/projektcydr.pl\/blog\/wp-content\/uploads\/2020\/02\/IMG_4143-1024x683.jpg\" alt=\"\" class=\"wp-image-3717\" srcset=\"https:\/\/projektcydr.pl\/blog\/wp-content\/uploads\/2020\/02\/IMG_4143-1024x683.jpg 1024w, https:\/\/projektcydr.pl\/blog\/wp-content\/uploads\/2020\/02\/IMG_4143-300x200.jpg 300w, https:\/\/projektcydr.pl\/blog\/wp-content\/uploads\/2020\/02\/IMG_4143-768x512.jpg 768w, https:\/\/projektcydr.pl\/blog\/wp-content\/uploads\/2020\/02\/IMG_4143-450x300.jpg 450w\" sizes=\"auto, (max-width: 1024px) 100vw, 1024px\" \/><\/a><\/figure>\n\n\n\n<p>Oczywi\u015bcie za wcze\u015bnie jest, \u017ceby szczepi\u0107 na zewn\u0105trz, na istniej\u0105cych drzewach &#8211; ale na szczepienie na podk\u0142adkach akurat jest dobra pora. <\/p>\n\n\n\n<ul class=\"wp-block-gallery columns-2 is-cropped wp-block-gallery-1 is-layout-flex wp-block-gallery-is-layout-flex\"><li class=\"blocks-gallery-item\"><figure><a href=\"https:\/\/projektcydr.pl\/blog\/wp-content\/uploads\/2020\/02\/IMG_4146-e1581238373865-683x1024.jpg\"><img loading=\"lazy\" decoding=\"async\" width=\"683\" height=\"1024\" src=\"https:\/\/projektcydr.pl\/blog\/wp-content\/uploads\/2020\/02\/IMG_4146-e1581238373865-683x1024.jpg\" alt=\"\" data-id=\"3719\" data-link=\"https:\/\/projektcydr.pl\/blog\/?attachment_id=3719\" class=\"wp-image-3719\" srcset=\"https:\/\/projektcydr.pl\/blog\/wp-content\/uploads\/2020\/02\/IMG_4146-e1581238373865-683x1024.jpg 683w, https:\/\/projektcydr.pl\/blog\/wp-content\/uploads\/2020\/02\/IMG_4146-e1581238373865-200x300.jpg 200w, https:\/\/projektcydr.pl\/blog\/wp-content\/uploads\/2020\/02\/IMG_4146-e1581238373865-768x1152.jpg 768w\" sizes=\"auto, (max-width: 683px) 100vw, 683px\" \/><\/a><\/figure><\/li><li class=\"blocks-gallery-item\"><figure><a href=\"https:\/\/projektcydr.pl\/blog\/wp-content\/uploads\/2020\/02\/IMG_4155-e1581238409215-683x1024.jpg\"><img loading=\"lazy\" decoding=\"async\" width=\"683\" height=\"1024\" src=\"https:\/\/projektcydr.pl\/blog\/wp-content\/uploads\/2020\/02\/IMG_4155-e1581238409215-683x1024.jpg\" alt=\"\" data-id=\"3720\" data-link=\"https:\/\/projektcydr.pl\/blog\/?attachment_id=3720\" class=\"wp-image-3720\" srcset=\"https:\/\/projektcydr.pl\/blog\/wp-content\/uploads\/2020\/02\/IMG_4155-e1581238409215-683x1024.jpg 683w, https:\/\/projektcydr.pl\/blog\/wp-content\/uploads\/2020\/02\/IMG_4155-e1581238409215-200x300.jpg 200w, https:\/\/projektcydr.pl\/blog\/wp-content\/uploads\/2020\/02\/IMG_4155-e1581238409215-768x1152.jpg 768w\" sizes=\"auto, (max-width: 683px) 100vw, 683px\" \/><\/a><\/figure><\/li><\/ul>\n\n\n\n<p> Akurat zosta\u0142o mi z zesz\u0142ego roki kilka siewek anton\u00f3wki &#8211; reszt\u0119 zimy sp\u0119dz\u0105 w ch\u0142odnym gara\u017cu. Trzymam kciuki, z jednej strony mam oczywi\u015bcie nadziej\u0119 \u017ce si\u0119 poprzyjmuj\u0105, z drugiej strony troch\u0119 z przera\u017ceniem my\u015bl\u0119 co b\u0119dzie jak faktycznie si\u0119 uda &#8211; gdzie ja je potem ko\u0142o domu upchn\u0119 \ud83d\ude09<\/p>\n\n\n\n<figure class=\"wp-block-image\"><a href=\"https:\/\/projektcydr.pl\/blog\/wp-content\/uploads\/2020\/02\/IMG_4153.jpg\"><img loading=\"lazy\" decoding=\"async\" width=\"1024\" height=\"683\" src=\"https:\/\/projektcydr.pl\/blog\/wp-content\/uploads\/2020\/02\/IMG_4153-1024x683.jpg\" alt=\"\" class=\"wp-image-3718\" srcset=\"https:\/\/projektcydr.pl\/blog\/wp-content\/uploads\/2020\/02\/IMG_4153-1024x683.jpg 1024w, https:\/\/projektcydr.pl\/blog\/wp-content\/uploads\/2020\/02\/IMG_4153-300x200.jpg 300w, https:\/\/projektcydr.pl\/blog\/wp-content\/uploads\/2020\/02\/IMG_4153-768x512.jpg 768w, https:\/\/projektcydr.pl\/blog\/wp-content\/uploads\/2020\/02\/IMG_4153-450x300.jpg 450w\" sizes=\"auto, (max-width: 1024px) 100vw, 1024px\" \/><\/a><\/figure>\n\n\n\n<p>Przy okazji, skoro ju\u017c o szczepieniach mowa &#8211; po obdzieleniu wszystkich, kt\u00f3rzy czujnie zapisali si\u0119 na zrazy cydrowych odmian jeszcze na jesieni, zosta\u0142o mi jeszcze troch\u0119 ga\u0142\u0105zek z Kingston Black, Somerset Redstreak i Dabinett. Je\u015bli kto\u015b ma ochot\u0119 pobawi\u0107 si\u0119 w ogrodnika, ch\u0119tnie si\u0119 podziel\u0119 &#8211; <a href=\"https:\/\/projektcydr.pl\/forum\/showthread.php?tid=1832\">patrz tutaj<\/a>. Nawet je\u015bli b\u0119dziesz szczepi\u0107 na zewn\u0105trz z pocz\u0105tkiem maja, zrazy spokojnie wytrzymaj\u0105 do tego czasu w lod\u00f3wce.<\/p>\n","protected":false},"excerpt":{"rendered":"<p>Dzi\u015b polskie amatorskie cydrownictwo zyska\u0142o a\u017c osiem nowych odmian! \ud83d\ude42 To znaczy oczywi\u015bcie wszystko zale\u017cy od tego czy si\u0119 przyjm\u0105 &#8211; ale pozwol\u0119 sobie by\u0107 w tej kwestii optymist\u0105! Tym razem s\u0105 to g\u0142\u00f3wnie odmiany francuskie.<\/p>\n","protected":false},"author":4,"featured_media":0,"comment_status":"open","ping_status":"open","sticky":false,"template":"","format":"standard","meta":{"footnotes":""},"categories":[21],"tags":[],"class_list":["post-3716","post","type-post","status-publish","format-standard","hentry","category-drzewka"],"_links":{"self":[{"href":"https:\/\/projektcydr.pl\/blog\/wp-json\/wp\/v2\/posts\/3716","targetHints":{"allow":["GET"]}}],"collection":[{"href":"https:\/\/projektcydr.pl\/blog\/wp-json\/wp\/v2\/posts"}],"about":[{"href":"https:\/\/projektcydr.pl\/blog\/wp-json\/wp\/v2\/types\/post"}],"author":[{"embeddable":true,"href":"https:\/\/projektcydr.pl\/blog\/wp-json\/wp\/v2\/users\/4"}],"replies":[{"embeddable":true,"href":"https:\/\/projektcydr.pl\/blog\/wp-json\/wp\/v2\/comments?post=3716"}],"version-history":[{"count":5,"href":"https:\/\/projektcydr.pl\/blog\/wp-json\/wp\/v2\/posts\/3716\/revisions"}],"predecessor-version":[{"id":3725,"href":"https:\/\/projektcydr.pl\/blog\/wp-json\/wp\/v2\/posts\/3716\/revisions\/3725"}],"wp:attachment":[{"href":"https:\/\/projektcydr.pl\/blog\/wp-json\/wp\/v2\/media?parent=3716"}],"wp:term":[{"taxonomy":"category","embeddable":true,"href":"https:\/\/projektcydr.pl\/blog\/wp-json\/wp\/v2\/categories?post=3716"},{"taxonomy":"post_tag","embeddable":true,"href":"https:\/\/projektcydr.pl\/blog\/wp-json\/wp\/v2\/tags?post=3716"}],"curies":[{"name":"wp","href":"https:\/\/api.w.org\/{rel}","templated":true}]}}