{"id":6962,"date":"2026-03-28T09:36:13","date_gmt":"2026-03-28T08:36:13","guid":{"rendered":"https:\/\/projektcydr.pl\/blog\/?p=6962"},"modified":"2026-03-28T09:36:13","modified_gmt":"2026-03-28T08:36:13","slug":"jak-sie-robi-francuski-cydr-czesc-2","status":"publish","type":"post","link":"https:\/\/projektcydr.pl\/blog\/?p=6962","title":{"rendered":"Jak si\u0119 robi francuski cydr, cz\u0119\u015b\u0107 2"},"content":{"rendered":"\n<p>Czas leci&#8230; od publikacji pierwszej cz\u0119\u015bci min\u0119\u0142o ju\u017c p\u00f3\u0142 roku &#8211; pora na kontynuacj\u0119! \ud83d\ude42<\/p>\n\n\n\n<!--more-->\n\n\n\n<p>Pierwsza cz\u0119\u015b\u0107 obejmowa\u0142a zbiory jab\u0142ek, przygotowanie odpowiedniej mieszanki, wyciskanie soku oraz oczyszczanie. Dla przypomnienia, link jest tutaj: <a href=\"https:\/\/youtu.be\/p0kKyyEfQyM\">https:\/\/youtu.be\/p0kKyyEfQyM<\/a>.<\/p>\n\n\n\n<p>W <strong>drugiej cz\u0119\u015bci<\/strong> opowiadam o prowadzeniu fermentacji, przygotowaniu do rozlewu oraz o butelkowaniu. Mo\u017cna j\u0105 obejrze\u0107 <strong>tutaj:<\/strong> <a href=\"https:\/\/youtu.be\/ukJVulxEefk\">https:\/\/youtu.be\/ukJVulxEefk<\/a>.<\/p>\n\n\n\n<p>Za jakie\u015b trzy miesi\u0105ce planuj\u0119 nakr\u0119ci\u0107 jeszcze jedn\u0105 cz\u0119\u015b\u0107, w kt\u00f3rej opowiem o najwa\u017cniejszych parametrach gotowego cydru, pomiarach, no i oczywi\u015bcie podziel\u0119 si\u0119 wra\u017ceniami z degustacji \ud83d\ude42<\/p>\n","protected":false},"excerpt":{"rendered":"<p>Czas leci&#8230; od publikacji pierwszej cz\u0119\u015bci min\u0119\u0142o ju\u017c p\u00f3\u0142 roku &#8211; pora na kontynuacj\u0119! \ud83d\ude42<\/p>\n","protected":false},"author":4,"featured_media":0,"comment_status":"open","ping_status":"open","sticky":false,"template":"","format":"standard","meta":{"footnotes":""},"categories":[1],"tags":[],"class_list":["post-6962","post","type-post","status-publish","format-standard","hentry","category-uncategorized"],"_links":{"self":[{"href":"https:\/\/projektcydr.pl\/blog\/wp-json\/wp\/v2\/posts\/6962","targetHints":{"allow":["GET"]}}],"collection":[{"href":"https:\/\/projektcydr.pl\/blog\/wp-json\/wp\/v2\/posts"}],"about":[{"href":"https:\/\/projektcydr.pl\/blog\/wp-json\/wp\/v2\/types\/post"}],"author":[{"embeddable":true,"href":"https:\/\/projektcydr.pl\/blog\/wp-json\/wp\/v2\/users\/4"}],"replies":[{"embeddable":true,"href":"https:\/\/projektcydr.pl\/blog\/wp-json\/wp\/v2\/comments?post=6962"}],"version-history":[{"count":1,"href":"https:\/\/projektcydr.pl\/blog\/wp-json\/wp\/v2\/posts\/6962\/revisions"}],"predecessor-version":[{"id":6963,"href":"https:\/\/projektcydr.pl\/blog\/wp-json\/wp\/v2\/posts\/6962\/revisions\/6963"}],"wp:attachment":[{"href":"https:\/\/projektcydr.pl\/blog\/wp-json\/wp\/v2\/media?parent=6962"}],"wp:term":[{"taxonomy":"category","embeddable":true,"href":"https:\/\/projektcydr.pl\/blog\/wp-json\/wp\/v2\/categories?post=6962"},{"taxonomy":"post_tag","embeddable":true,"href":"https:\/\/projektcydr.pl\/blog\/wp-json\/wp\/v2\/tags?post=6962"}],"curies":[{"name":"wp","href":"https:\/\/api.w.org\/{rel}","templated":true}]}}